{"id":512,"date":"2025-06-29T00:00:30","date_gmt":"2025-06-28T22:00:30","guid":{"rendered":"https:\/\/digitalpr.eu\/?p=512"},"modified":"2025-10-28T09:32:54","modified_gmt":"2025-10-28T08:32:54","slug":"example","status":"publish","type":"post","link":"https:\/\/digitalpr.eu\/en\/example\/","title":{"rendered":"Fu\u00dfball f\u00fcr Alle Index"},"content":{"rendered":"<p>F\u00fcr unseren Kunden, einen f\u00fchrenden europ\u00e4ischen Online-Ticketh\u00e4ndler, haben wir eine datengetriebene Kampagne entwickelt, um die Sichtbarkeit der Website im deutschen Markt zu steigern. Kernst\u00fcck dieser Initiative war der <strong>\u201eFu\u00dfball f\u00fcr Alle Index 2025\u201c<\/strong>, der die Barrierefreiheit in Stadien der 1. und 2. Bundesliga analysiert und bewertet.<\/p>\n\n\n\n<p>Der Index untersuchte Kriterien wie die Anzahl der Rollstuhlpl\u00e4tze, barrierefreie Toiletten und Angebote f\u00fcr seh- und h\u00f6rgesch\u00e4digte Fans. Die Ergebnisse wurden standardisiert und auf einer Skala von 1 bis 10 bewertet, um eine vergleichbare Rangliste zu erstellen.<\/p>\n\n\n\n<p>Die Ver\u00f6ffentlichung des Indexes stie\u00df auf gro\u00dfes Medienecho und wurde unter anderem von <strong>BILD.de<\/strong> aufgegriffen. In dem Artikel wurde hervorgehoben, dass viele Stadien in der Bundesliga und 2. Liga nicht den gesetzlichen Anforderungen an Barrierefreiheit entsprechen. So belegte beispielsweise die MEWA Arena des 1. FSV Mainz 05 den ersten Platz im Ranking, w\u00e4hrend der Signal Iduna Park von Borussia Dortmund aufgrund mangelnder barrierefreier Einrichtungen den letzten Platz einnahm.<\/p>\n\n\n\n<p>Diese Kampagne demonstriert, wie durch datenbasierte Analysen und gezielte PR-Ma\u00dfnahmen nicht nur die Online-Pr\u00e4senz eines Unternehmens gest\u00e4rkt, sondern auch gesellschaftlich relevante Themen ins \u00f6ffentliche Bewusstsein ger\u00fcckt werden k\u00f6nnen. <\/p>\n\n\n\n<p><strong>Ergebnisse<\/strong>:<\/p>\n\n\n\n<p>+15 Clippings in \u00fcberregionalen wie regionalen Medien, u.a. BILD.de, Merkurist, BNN, Berlin-Live, MSN, Neue Westf\u00e4lische<\/p>\n\n\n\n<p><\/p>\n\n\n\n<figure class=\"wp-block-image size-large\"><img fetchpriority=\"high\" decoding=\"async\" width=\"1024\" height=\"729\" src=\"https:\/\/digitalpr.eu\/wp-content\/uploads\/2025\/05\/DigitalPR-Referenz_bild-1024x729.png\" alt=\"\" class=\"wp-image-531\" srcset=\"https:\/\/digitalpr.eu\/wp-content\/uploads\/2025\/05\/DigitalPR-Referenz_bild-1024x729.png 1024w, https:\/\/digitalpr.eu\/wp-content\/uploads\/2025\/05\/DigitalPR-Referenz_bild-300x214.png 300w, https:\/\/digitalpr.eu\/wp-content\/uploads\/2025\/05\/DigitalPR-Referenz_bild-768x547.png 768w, https:\/\/digitalpr.eu\/wp-content\/uploads\/2025\/05\/DigitalPR-Referenz_bild-18x12.png 18w, https:\/\/digitalpr.eu\/wp-content\/uploads\/2025\/05\/DigitalPR-Referenz_bild.png 1074w\" sizes=\"(max-width: 1024px) 100vw, 1024px\" \/><\/figure>\n\n\n\n<p><\/p>","protected":false},"excerpt":{"rendered":"<p>F\u00fcr unseren Kunden, einen f\u00fchrenden europ\u00e4ischen Online-Ticketh\u00e4ndler, haben wir eine datengetriebene Kampagne entwickelt, um die Sichtbarkeit der Website im deutschen Markt zu steigern. Kernst\u00fcck dieser Initiative war der \u201eFu\u00dfball f\u00fcr Alle Index 2025\u201c, der die Barrierefreiheit in Stadien der 1. und 2. Bundesliga analysiert und bewertet. Der Index untersuchte Kriterien wie die Anzahl der Rollstuhlpl\u00e4tze, [&hellip;]<\/p>\n","protected":false},"author":1,"featured_media":530,"comment_status":"closed","ping_status":"closed","sticky":false,"template":"","format":"standard","meta":{"inline_featured_image":false,"_monsterinsights_skip_tracking":false,"_monsterinsights_sitenote_active":false,"_monsterinsights_sitenote_note":"","_monsterinsights_sitenote_category":0,"footnotes":""},"categories":[1],"tags":[],"class_list":["post-512","post","type-post","status-publish","format-standard","has-post-thumbnail","hentry","category-egyeb"],"yoast_head":"<!-- This site is optimized with the Yoast SEO plugin v27.4 - https:\/\/yoast.com\/product\/yoast-seo-wordpress\/ -->\n<title>Fu\u00dfball f\u00fcr Alle Index - Digital PR Agentur | Medienbeziehungen &amp; PR-Strategie<\/title>\n<meta name=\"robots\" content=\"index, follow, max-snippet:-1, max-image-preview:large, max-video-preview:-1\" \/>\n<link rel=\"canonical\" href=\"https:\/\/digitalpr.eu\/en\/example\/\" \/>\n<meta property=\"og:locale\" content=\"en_GB\" \/>\n<meta property=\"og:type\" content=\"article\" \/>\n<meta property=\"og:title\" content=\"Fu\u00dfball f\u00fcr Alle Index - Digital PR Agentur | Medienbeziehungen &amp; PR-Strategie\" \/>\n<meta property=\"og:description\" content=\"F\u00fcr unseren Kunden, einen f\u00fchrenden europ\u00e4ischen Online-Ticketh\u00e4ndler, haben wir eine datengetriebene Kampagne entwickelt, um die Sichtbarkeit der Website im deutschen Markt zu steigern. Kernst\u00fcck dieser Initiative war der \u201eFu\u00dfball f\u00fcr Alle Index 2025\u201c, der die Barrierefreiheit in Stadien der 1. und 2. Bundesliga analysiert und bewertet. Der Index untersuchte Kriterien wie die Anzahl der Rollstuhlpl\u00e4tze, [&hellip;]\" \/>\n<meta property=\"og:url\" content=\"https:\/\/digitalpr.eu\/en\/example\/\" \/>\n<meta property=\"og:site_name\" content=\"Digital PR Agentur | Medienbeziehungen &amp; PR-Strategie\" \/>\n<meta property=\"article:published_time\" content=\"2025-06-28T22:00:30+00:00\" \/>\n<meta property=\"article:modified_time\" content=\"2025-10-28T08:32:54+00:00\" \/>\n<meta property=\"og:image\" content=\"https:\/\/digitalpr.eu\/wp-content\/uploads\/2025\/05\/Bildschirmfoto-2025-05-22-um-13.40.05.png\" \/>\n\t<meta property=\"og:image:width\" content=\"675\" \/>\n\t<meta property=\"og:image:height\" content=\"582\" \/>\n\t<meta property=\"og:image:type\" content=\"image\/png\" \/>\n<meta name=\"author\" content=\"digit@lpr-@dmin\" \/>\n<meta name=\"twitter:card\" content=\"summary_large_image\" \/>\n<meta name=\"twitter:label1\" content=\"Written by\" \/>\n\t<meta name=\"twitter:data1\" content=\"digit@lpr-@dmin\" \/>\n\t<meta name=\"twitter:label2\" content=\"Estimated reading time\" \/>\n\t<meta name=\"twitter:data2\" content=\"2 minutes\" \/>\n<script type=\"application\/ld+json\" class=\"yoast-schema-graph\">{\"@context\":\"https:\\\/\\\/schema.org\",\"@graph\":[{\"@type\":\"Article\",\"@id\":\"https:\\\/\\\/digitalpr.eu\\\/example\\\/#article\",\"isPartOf\":{\"@id\":\"https:\\\/\\\/digitalpr.eu\\\/example\\\/\"},\"author\":{\"name\":\"digit@lpr-@dmin\",\"@id\":\"https:\\\/\\\/digitalpr.eu\\\/#\\\/schema\\\/person\\\/78c1e73d9d6d73c1cfdd791b2879a2df\"},\"headline\":\"Fu\u00dfball f\u00fcr Alle Index\",\"datePublished\":\"2025-06-28T22:00:30+00:00\",\"dateModified\":\"2025-10-28T08:32:54+00:00\",\"mainEntityOfPage\":{\"@id\":\"https:\\\/\\\/digitalpr.eu\\\/example\\\/\"},\"wordCount\":215,\"publisher\":{\"@id\":\"https:\\\/\\\/digitalpr.eu\\\/#organization\"},\"image\":{\"@id\":\"https:\\\/\\\/digitalpr.eu\\\/example\\\/#primaryimage\"},\"thumbnailUrl\":\"https:\\\/\\\/digitalpr.eu\\\/wp-content\\\/uploads\\\/2025\\\/05\\\/Bildschirmfoto-2025-05-22-um-13.40.05.png\",\"articleSection\":[\"Egy\u00e9b\"],\"inLanguage\":\"en-GB\"},{\"@type\":\"WebPage\",\"@id\":\"https:\\\/\\\/digitalpr.eu\\\/example\\\/\",\"url\":\"https:\\\/\\\/digitalpr.eu\\\/example\\\/\",\"name\":\"Fu\u00dfball f\u00fcr Alle Index - Digital PR Agentur | Medienbeziehungen &amp; PR-Strategie\",\"isPartOf\":{\"@id\":\"https:\\\/\\\/digitalpr.eu\\\/#website\"},\"primaryImageOfPage\":{\"@id\":\"https:\\\/\\\/digitalpr.eu\\\/example\\\/#primaryimage\"},\"image\":{\"@id\":\"https:\\\/\\\/digitalpr.eu\\\/example\\\/#primaryimage\"},\"thumbnailUrl\":\"https:\\\/\\\/digitalpr.eu\\\/wp-content\\\/uploads\\\/2025\\\/05\\\/Bildschirmfoto-2025-05-22-um-13.40.05.png\",\"datePublished\":\"2025-06-28T22:00:30+00:00\",\"dateModified\":\"2025-10-28T08:32:54+00:00\",\"breadcrumb\":{\"@id\":\"https:\\\/\\\/digitalpr.eu\\\/example\\\/#breadcrumb\"},\"inLanguage\":\"en-GB\",\"potentialAction\":[{\"@type\":\"ReadAction\",\"target\":[\"https:\\\/\\\/digitalpr.eu\\\/example\\\/\"]}]},{\"@type\":\"ImageObject\",\"inLanguage\":\"en-GB\",\"@id\":\"https:\\\/\\\/digitalpr.eu\\\/example\\\/#primaryimage\",\"url\":\"https:\\\/\\\/digitalpr.eu\\\/wp-content\\\/uploads\\\/2025\\\/05\\\/Bildschirmfoto-2025-05-22-um-13.40.05.png\",\"contentUrl\":\"https:\\\/\\\/digitalpr.eu\\\/wp-content\\\/uploads\\\/2025\\\/05\\\/Bildschirmfoto-2025-05-22-um-13.40.05.png\",\"width\":675,\"height\":582},{\"@type\":\"BreadcrumbList\",\"@id\":\"https:\\\/\\\/digitalpr.eu\\\/example\\\/#breadcrumb\",\"itemListElement\":[{\"@type\":\"ListItem\",\"position\":1,\"name\":\"Kezd\u0151lap\",\"item\":\"https:\\\/\\\/digitalpr.eu\\\/\"},{\"@type\":\"ListItem\",\"position\":2,\"name\":\"Fu\u00dfball f\u00fcr Alle Index\"}]},{\"@type\":\"WebSite\",\"@id\":\"https:\\\/\\\/digitalpr.eu\\\/#website\",\"url\":\"https:\\\/\\\/digitalpr.eu\\\/\",\"name\":\"Digital PR\",\"description\":\"Professionelle Digital PR Agentur f\u00fcr nachhaltige Medienbeziehungen, strategische Pressearbeit und digitale Kommunikation. Ihre PR-Experten f\u00fcr messbare Erfolge.\",\"publisher\":{\"@id\":\"https:\\\/\\\/digitalpr.eu\\\/#organization\"},\"potentialAction\":[{\"@type\":\"SearchAction\",\"target\":{\"@type\":\"EntryPoint\",\"urlTemplate\":\"https:\\\/\\\/digitalpr.eu\\\/?s={search_term_string}\"},\"query-input\":{\"@type\":\"PropertyValueSpecification\",\"valueRequired\":true,\"valueName\":\"search_term_string\"}}],\"inLanguage\":\"en-GB\"},{\"@type\":\"Organization\",\"@id\":\"https:\\\/\\\/digitalpr.eu\\\/#organization\",\"name\":\"Digitalpr\",\"url\":\"https:\\\/\\\/digitalpr.eu\\\/\",\"logo\":{\"@type\":\"ImageObject\",\"inLanguage\":\"en-GB\",\"@id\":\"https:\\\/\\\/digitalpr.eu\\\/#\\\/schema\\\/logo\\\/image\\\/\",\"url\":\"https:\\\/\\\/digitalpr.eu\\\/wp-content\\\/uploads\\\/2024\\\/03\\\/digitalpr-logo-black.webp\",\"contentUrl\":\"https:\\\/\\\/digitalpr.eu\\\/wp-content\\\/uploads\\\/2024\\\/03\\\/digitalpr-logo-black.webp\",\"width\":1200,\"height\":1200,\"caption\":\"Digitalpr\"},\"image\":{\"@id\":\"https:\\\/\\\/digitalpr.eu\\\/#\\\/schema\\\/logo\\\/image\\\/\"},\"sameAs\":[\"https:\\\/\\\/www.linkedin.com\\\/company\\\/digitalpreu\\\/\"]},{\"@type\":\"Person\",\"@id\":\"https:\\\/\\\/digitalpr.eu\\\/#\\\/schema\\\/person\\\/78c1e73d9d6d73c1cfdd791b2879a2df\",\"name\":\"digit@lpr-@dmin\",\"image\":{\"@type\":\"ImageObject\",\"inLanguage\":\"en-GB\",\"@id\":\"https:\\\/\\\/secure.gravatar.com\\\/avatar\\\/9795a8b3afc7ed258d167a92dbb1075b37bab5bc83b1ac9182ff4f58c22040b8?s=96&d=mm&r=g\",\"url\":\"https:\\\/\\\/secure.gravatar.com\\\/avatar\\\/9795a8b3afc7ed258d167a92dbb1075b37bab5bc83b1ac9182ff4f58c22040b8?s=96&d=mm&r=g\",\"contentUrl\":\"https:\\\/\\\/secure.gravatar.com\\\/avatar\\\/9795a8b3afc7ed258d167a92dbb1075b37bab5bc83b1ac9182ff4f58c22040b8?s=96&d=mm&r=g\",\"caption\":\"digit@lpr-@dmin\"},\"sameAs\":[\"https:\\\/\\\/digitalpr.eu\"],\"url\":\"https:\\\/\\\/digitalpr.eu\\\/en\\\/author\\\/digitlpr-dmin\\\/\"}]}<\/script>\n<!-- \/ Yoast SEO plugin. -->","yoast_head_json":{"title":"Fu\u00dfball f\u00fcr Alle Index - Digital PR Agentur | Medienbeziehungen &amp; PR-Strategie","robots":{"index":"index","follow":"follow","max-snippet":"max-snippet:-1","max-image-preview":"max-image-preview:large","max-video-preview":"max-video-preview:-1"},"canonical":"https:\/\/digitalpr.eu\/en\/example\/","og_locale":"en_GB","og_type":"article","og_title":"Fu\u00dfball f\u00fcr Alle Index - Digital PR Agentur | Medienbeziehungen &amp; PR-Strategie","og_description":"F\u00fcr unseren Kunden, einen f\u00fchrenden europ\u00e4ischen Online-Ticketh\u00e4ndler, haben wir eine datengetriebene Kampagne entwickelt, um die Sichtbarkeit der Website im deutschen Markt zu steigern. Kernst\u00fcck dieser Initiative war der \u201eFu\u00dfball f\u00fcr Alle Index 2025\u201c, der die Barrierefreiheit in Stadien der 1. und 2. Bundesliga analysiert und bewertet. Der Index untersuchte Kriterien wie die Anzahl der Rollstuhlpl\u00e4tze, [&hellip;]","og_url":"https:\/\/digitalpr.eu\/en\/example\/","og_site_name":"Digital PR Agentur | Medienbeziehungen &amp; PR-Strategie","article_published_time":"2025-06-28T22:00:30+00:00","article_modified_time":"2025-10-28T08:32:54+00:00","og_image":[{"width":675,"height":582,"url":"https:\/\/digitalpr.eu\/wp-content\/uploads\/2025\/05\/Bildschirmfoto-2025-05-22-um-13.40.05.png","type":"image\/png"}],"author":"digit@lpr-@dmin","twitter_card":"summary_large_image","twitter_misc":{"Written by":"digit@lpr-@dmin","Estimated reading time":"2 minutes"},"schema":{"@context":"https:\/\/schema.org","@graph":[{"@type":"Article","@id":"https:\/\/digitalpr.eu\/example\/#article","isPartOf":{"@id":"https:\/\/digitalpr.eu\/example\/"},"author":{"name":"digit@lpr-@dmin","@id":"https:\/\/digitalpr.eu\/#\/schema\/person\/78c1e73d9d6d73c1cfdd791b2879a2df"},"headline":"Fu\u00dfball f\u00fcr Alle Index","datePublished":"2025-06-28T22:00:30+00:00","dateModified":"2025-10-28T08:32:54+00:00","mainEntityOfPage":{"@id":"https:\/\/digitalpr.eu\/example\/"},"wordCount":215,"publisher":{"@id":"https:\/\/digitalpr.eu\/#organization"},"image":{"@id":"https:\/\/digitalpr.eu\/example\/#primaryimage"},"thumbnailUrl":"https:\/\/digitalpr.eu\/wp-content\/uploads\/2025\/05\/Bildschirmfoto-2025-05-22-um-13.40.05.png","articleSection":["Egy\u00e9b"],"inLanguage":"en-GB"},{"@type":"WebPage","@id":"https:\/\/digitalpr.eu\/example\/","url":"https:\/\/digitalpr.eu\/example\/","name":"Fu\u00dfball f\u00fcr Alle Index - Digital PR Agentur | Medienbeziehungen &amp; PR-Strategie","isPartOf":{"@id":"https:\/\/digitalpr.eu\/#website"},"primaryImageOfPage":{"@id":"https:\/\/digitalpr.eu\/example\/#primaryimage"},"image":{"@id":"https:\/\/digitalpr.eu\/example\/#primaryimage"},"thumbnailUrl":"https:\/\/digitalpr.eu\/wp-content\/uploads\/2025\/05\/Bildschirmfoto-2025-05-22-um-13.40.05.png","datePublished":"2025-06-28T22:00:30+00:00","dateModified":"2025-10-28T08:32:54+00:00","breadcrumb":{"@id":"https:\/\/digitalpr.eu\/example\/#breadcrumb"},"inLanguage":"en-GB","potentialAction":[{"@type":"ReadAction","target":["https:\/\/digitalpr.eu\/example\/"]}]},{"@type":"ImageObject","inLanguage":"en-GB","@id":"https:\/\/digitalpr.eu\/example\/#primaryimage","url":"https:\/\/digitalpr.eu\/wp-content\/uploads\/2025\/05\/Bildschirmfoto-2025-05-22-um-13.40.05.png","contentUrl":"https:\/\/digitalpr.eu\/wp-content\/uploads\/2025\/05\/Bildschirmfoto-2025-05-22-um-13.40.05.png","width":675,"height":582},{"@type":"BreadcrumbList","@id":"https:\/\/digitalpr.eu\/example\/#breadcrumb","itemListElement":[{"@type":"ListItem","position":1,"name":"Kezd\u0151lap","item":"https:\/\/digitalpr.eu\/"},{"@type":"ListItem","position":2,"name":"Fu\u00dfball f\u00fcr Alle Index"}]},{"@type":"WebSite","@id":"https:\/\/digitalpr.eu\/#website","url":"https:\/\/digitalpr.eu\/","name":"Digital PR","description":"Professionelle Digital PR Agentur f\u00fcr nachhaltige Medienbeziehungen, strategische Pressearbeit und digitale Kommunikation. Ihre PR-Experten f\u00fcr messbare Erfolge.","publisher":{"@id":"https:\/\/digitalpr.eu\/#organization"},"potentialAction":[{"@type":"SearchAction","target":{"@type":"EntryPoint","urlTemplate":"https:\/\/digitalpr.eu\/?s={search_term_string}"},"query-input":{"@type":"PropertyValueSpecification","valueRequired":true,"valueName":"search_term_string"}}],"inLanguage":"en-GB"},{"@type":"Organization","@id":"https:\/\/digitalpr.eu\/#organization","name":"Digitalpr","url":"https:\/\/digitalpr.eu\/","logo":{"@type":"ImageObject","inLanguage":"en-GB","@id":"https:\/\/digitalpr.eu\/#\/schema\/logo\/image\/","url":"https:\/\/digitalpr.eu\/wp-content\/uploads\/2024\/03\/digitalpr-logo-black.webp","contentUrl":"https:\/\/digitalpr.eu\/wp-content\/uploads\/2024\/03\/digitalpr-logo-black.webp","width":1200,"height":1200,"caption":"Digitalpr"},"image":{"@id":"https:\/\/digitalpr.eu\/#\/schema\/logo\/image\/"},"sameAs":["https:\/\/www.linkedin.com\/company\/digitalpreu\/"]},{"@type":"Person","@id":"https:\/\/digitalpr.eu\/#\/schema\/person\/78c1e73d9d6d73c1cfdd791b2879a2df","name":"digit@lpr-@dmin","image":{"@type":"ImageObject","inLanguage":"en-GB","@id":"https:\/\/secure.gravatar.com\/avatar\/9795a8b3afc7ed258d167a92dbb1075b37bab5bc83b1ac9182ff4f58c22040b8?s=96&d=mm&r=g","url":"https:\/\/secure.gravatar.com\/avatar\/9795a8b3afc7ed258d167a92dbb1075b37bab5bc83b1ac9182ff4f58c22040b8?s=96&d=mm&r=g","contentUrl":"https:\/\/secure.gravatar.com\/avatar\/9795a8b3afc7ed258d167a92dbb1075b37bab5bc83b1ac9182ff4f58c22040b8?s=96&d=mm&r=g","caption":"digit@lpr-@dmin"},"sameAs":["https:\/\/digitalpr.eu"],"url":"https:\/\/digitalpr.eu\/en\/author\/digitlpr-dmin\/"}]}},"_links":{"self":[{"href":"https:\/\/digitalpr.eu\/en\/wp-json\/wp\/v2\/posts\/512","targetHints":{"allow":["GET"]}}],"collection":[{"href":"https:\/\/digitalpr.eu\/en\/wp-json\/wp\/v2\/posts"}],"about":[{"href":"https:\/\/digitalpr.eu\/en\/wp-json\/wp\/v2\/types\/post"}],"author":[{"embeddable":true,"href":"https:\/\/digitalpr.eu\/en\/wp-json\/wp\/v2\/users\/1"}],"replies":[{"embeddable":true,"href":"https:\/\/digitalpr.eu\/en\/wp-json\/wp\/v2\/comments?post=512"}],"version-history":[{"count":6,"href":"https:\/\/digitalpr.eu\/en\/wp-json\/wp\/v2\/posts\/512\/revisions"}],"predecessor-version":[{"id":637,"href":"https:\/\/digitalpr.eu\/en\/wp-json\/wp\/v2\/posts\/512\/revisions\/637"}],"wp:featuredmedia":[{"embeddable":true,"href":"https:\/\/digitalpr.eu\/en\/wp-json\/wp\/v2\/media\/530"}],"wp:attachment":[{"href":"https:\/\/digitalpr.eu\/en\/wp-json\/wp\/v2\/media?parent=512"}],"wp:term":[{"taxonomy":"category","embeddable":true,"href":"https:\/\/digitalpr.eu\/en\/wp-json\/wp\/v2\/categories?post=512"},{"taxonomy":"post_tag","embeddable":true,"href":"https:\/\/digitalpr.eu\/en\/wp-json\/wp\/v2\/tags?post=512"}],"curies":[{"name":"wp","href":"https:\/\/api.w.org\/{rel}","templated":true}]}}